[{"@context":"https:\/\/schema.org\/","@type":"Article","@id":"https:\/\/www.sphy.cz\/to-je-prace-pro-svatebniho-kameramana-z-olomouce\/#Article","mainEntityOfPage":"https:\/\/www.sphy.cz\/to-je-prace-pro-svatebniho-kameramana-z-olomouce\/","headline":"To je pr\u00e1ce pro svatebn\u00edho kameramana z Olomouce","name":"To je pr\u00e1ce pro svatebn\u00edho kameramana z Olomouce","description":"Mezi jednu z nejv\u011bt\u0161\u00edch ud\u00e1lost\u00ed v na\u0161em \u017eivot\u011b je svatba. Okam\u017eik, kter\u00fd se nikdy nebude dvakr\u00e1t stejn\u011b odehr\u00e1vat. B\u011bhem takov\u00e9ho samotn\u00e9ho dne se za\u017eije mnoho radostn\u00fdch i sv\u00edzeln\u00fdch situac\u00ed, ale jedin\u011b profesion\u00e1l dok\u00e1\u017ee zpracovat materi\u00e1l do hodnotn\u00e9 pam\u00e1tky. Je celkem [&hellip;]","datePublished":"2018-08-04","dateModified":"2023-05-05","author":{"@type":"Person","@id":"https:\/\/www.sphy.cz\/author\/#Person","name":"sphy.cz","url":"https:\/\/www.sphy.cz\/author\/","identifier":1,"image":{"@type":"ImageObject","@id":"https:\/\/secure.gravatar.com\/avatar\/a4f7f6499f3b2a0764d0773f1f5d74780987cfbea7e736c0e74f6185bb257971?s=96&d=mm&r=g","url":"https:\/\/secure.gravatar.com\/avatar\/a4f7f6499f3b2a0764d0773f1f5d74780987cfbea7e736c0e74f6185bb257971?s=96&d=mm&r=g","height":96,"width":96}},"publisher":{"@type":"Organization","name":"sphy.cz","logo":{"@type":"ImageObject","@id":"\/logo.png","url":"\/logo.png","width":600,"height":60}},"image":{"@type":"ImageObject","@id":"https:\/\/www.sphy.cz\/wp-content\/uploads\/img_a324202_w2446_t1536045611.jpg","url":"https:\/\/www.sphy.cz\/wp-content\/uploads\/img_a324202_w2446_t1536045611.jpg","height":0,"width":0},"url":"https:\/\/www.sphy.cz\/to-je-prace-pro-svatebniho-kameramana-z-olomouce\/","about":["Podnik\u00e1n\u00ed"],"wordCount":453,"articleBody":"Mezi jednu z nejv\u011bt\u0161\u00edch ud\u00e1lost\u00ed v na\u0161em \u017eivot\u011b je svatba. Okam\u017eik, kter\u00fd se nikdy nebude dvakr\u00e1t stejn\u011b odehr\u00e1vat. B\u011bhem takov\u00e9ho samotn\u00e9ho dne se za\u017eije mnoho radostn\u00fdch i sv\u00edzeln\u00fdch situac\u00ed, ale jedin\u011b profesion\u00e1l dok\u00e1\u017ee zpracovat materi\u00e1l do hodnotn\u00e9 pam\u00e1tky. Je celkem b\u011b\u017en\u00e9, \u017ee se ve svatebn\u00ed den d\u011bje spoustu zaj\u00edmav\u00fdch v\u011bc\u00ed a tajemn\u00fdch p\u0159\u00edprav. Fotografie se st\u00e1vaj\u00ed b\u011b\u017enou sou\u010d\u00e1st\u00ed, ale m\u00edt p\u0159\u00edmo video, je zkr\u00e1tka n\u011bco v\u00edc. P\u0159ipom\u00edn\u00e1 n\u00e1m to zn\u00e1m\u00e9 tv\u00e1\u0159e, mnohdy i t\u011bch, co ji\u017e mezi n\u00e1mi nejsou. P\u0159est\u00e1v\u00e1me vn\u00edmat situaci kolem sebe, a\u010dkoliv d\u011bj se odehr\u00e1v\u00e1 p\u0159ed des\u00edtky let, a jsme p\u0159eneseni p\u0159ed olt\u00e1\u0159. Ten d\u011bj je tak naprosto \u017eiv\u00fd, \u017ee v\u0161echno to vypad\u00e1, jakoby se to stalo v\u010dera. Sladk\u00e9 ano, polibek, sliby l\u00e1sky a cesty do man\u017eelstv\u00ed, v\u00fdm\u011bna prst\u00fdnk\u016f, d\u016fkaz kdo tenkr\u00e1t chytil kytici a dal\u0161\u00ed momenty o\u017e\u00edvaj\u00ed pod ka\u017ed\u00fdm nov\u00fdm obrazem.&#13; &#13; &#13; &#13; Kvalita je na prvn\u00edm m\u00edst\u011b&#13; Pokud chceme si zachovat kvalitn\u00ed zpracov\u00e1n\u00ed v\u00fdznamn\u00e9 ud\u00e1losti, tak je lep\u0161\u00ed pr\u00e1ci sv\u011b\u0159it odborn\u00edkovi. N\u011bkomu, kdo m\u00e1 cit pro zpracov\u00e1n\u00ed, st\u0159ih a vn\u00edm\u00e1 celkov\u011b atmosf\u00e9ru. Nen\u00ed to zrovna jednoduch\u00fd \u00fakol, ale svatebn\u00ed kameraman z Olomouce si porad\u00ed a to doslova s ka\u017ed\u00fdm z\u00e1b\u011brem. Vdechne mu zkr\u00e1tka takov\u00fd obraz, \u017ee i po letech bude promlouvat do na\u0161ich srdc\u00ed. D\u00edky kvalitn\u00edmu nato\u010den\u00ed n\u00e1m pak neujde \u017e\u00e1dn\u00fd okam\u017eik z tohoto \u017eivotn\u00edho mezn\u00edku. Dokonce ji\u017e kone\u010dn\u011b v klidu vid\u00edme, kdo s n\u00e1mi sd\u00edlel ten n\u00e1\u0161 \u0161\u0165astn\u00fd den.&#13; &#13; &#13; &#13; D\u016fle\u017eit\u00e1 je prvotn\u00ed sch\u016fzka&#13; Pokud n\u011bco chceme a m\u00e1me p\u0159edstavu, tak o dan\u00e9m kroku mluv\u00edme a postupn\u011b ho p\u0159ev\u00e1d\u00edme do reality. Sch\u016fzka s kameramanem je v podstat\u011b to sam\u00e9. Stanovit si po\u017eadavky, jak bychom cht\u011bli, aby video vypadalo, co je pro n\u00e1s st\u011b\u017eejn\u00ed a jak bychom si to p\u0159edstavovali. Na\u0161e p\u0159\u00e1n\u00ed se pak spoj\u00ed s dovednost\u00ed a vznik\u00e1 dokonal\u00fd z\u00e1znam pln\u00fd emoc\u00ed, ale tak\u00e9 vzpom\u00ednek. Zasn\u011bn\u00fd v\u00fdraz i po letech bude vypov\u00eddat o v\u0161em. Fotografie jsou tak\u00e9 kr\u00e1snou vzpom\u00ednkou, ale nedok\u00e1\u017eou tolik zas\u00e1hnout, jako \u017eiv\u00fd obraz. To sam\u00e9 plat\u00ed i v dal\u0161\u00edch \u017eivotn\u00edch situac\u00edch, kter\u00e9 n\u00e1s na na\u0161\u00ed cest\u011b potkaj\u00ed.&#13; &#13;                                                                                                                                                                                                                                                                                                                                                                                        4.1\/5 - (11 votes)        "},{"@context":"https:\/\/schema.org\/","@type":"BreadcrumbList","itemListElement":[{"@type":"ListItem","position":1,"name":"To je pr\u00e1ce pro svatebn\u00edho kameramana z Olomouce","item":"https:\/\/www.sphy.cz\/to-je-prace-pro-svatebniho-kameramana-z-olomouce\/#breadcrumbitem"}]}]